{"id":17898,"date":"2025-06-18T09:13:05","date_gmt":"2025-06-18T12:13:05","guid":{"rendered":"https:\/\/brasfit.com.br\/?p=17898"},"modified":"2025-06-18T09:13:05","modified_gmt":"2025-06-18T12:13:05","slug":"iveco-revela-os-proximos-lancamentos-em-comemoracao-aos-50-anos","status":"publish","type":"post","link":"https:\/\/brasfit.com.br\/en\/iveco-revela-os-proximos-lancamentos-em-comemoracao-aos-50-anos\/","title":{"rendered":"(Portugu\u00eas do Brasil) Iveco revela os pr\u00f3ximos lan\u00e7amentos em comemora\u00e7\u00e3o aos 50 anos"},"content":{"rendered":"<p class=\"qtranxs-available-languages-message qtranxs-available-languages-message-en\">Sorry, this entry is only available in <a href=\"https:\/\/brasfit.com.br\/pb\/wp-json\/wp\/v2\/posts\/17898\" class=\"qtranxs-available-language-link qtranxs-available-language-link-pb\" title=\"Portugu\u00eas do Brasil\">Portugu\u00eas do Brasil<\/a>.<\/p>","protected":false},"excerpt":{"rendered":"<p>Sorry, this entry is only available in Portugu\u00eas do Brasil.<\/p>\n","protected":false},"author":4,"featured_media":17902,"comment_status":"open","ping_status":"open","sticky":false,"template":"","format":"standard","meta":{"_acf_changed":false,"footnotes":""},"categories":[1],"tags":[],"class_list":["post-17898","post","type-post","status-publish","format-standard","has-post-thumbnail","hentry","category-noticias"],"acf":[],"yoast_head":"<!-- This site is optimized with the Yoast SEO plugin v25.2 - https:\/\/yoast.com\/wordpress\/plugins\/seo\/ -->\n<title>(Portugu\u00eas do Brasil) Iveco revela os pr\u00f3ximos lan\u00e7amentos em comemora\u00e7\u00e3o aos 50 anos - Brasfit<\/title>\n<meta name=\"robots\" content=\"index, follow, max-snippet:-1, max-image-preview:large, max-video-preview:-1\" \/>\n<link rel=\"canonical\" href=\"https:\/\/brasfit.com.br\/iveco-revela-os-proximos-lancamentos-em-comemoracao-aos-50-anos\/\" \/>\n<meta property=\"og:locale\" content=\"en_US\" \/>\n<meta property=\"og:type\" content=\"article\" \/>\n<meta property=\"og:title\" content=\"(Portugu\u00eas do Brasil) Iveco revela os pr\u00f3ximos lan\u00e7amentos em comemora\u00e7\u00e3o aos 50 anos - Brasfit\" \/>\n<meta property=\"og:description\" content=\"Sorry, this entry is only available in Portugu\u00eas do Brasil.\" \/>\n<meta property=\"og:url\" content=\"https:\/\/brasfit.com.br\/iveco-revela-os-proximos-lancamentos-em-comemoracao-aos-50-anos\/\" \/>\n<meta property=\"og:site_name\" content=\"Brasfit\" \/>\n<meta property=\"article:published_time\" content=\"2025-06-18T12:13:05+00:00\" \/>\n<meta property=\"og:image\" content=\"https:\/\/brasfit.com.br\/wp-content\/uploads\/2025\/06\/iveco_50anos_v2-1.jpg\" \/>\n\t<meta property=\"og:image:width\" content=\"712\" \/>\n\t<meta property=\"og:image:height\" content=\"453\" \/>\n\t<meta property=\"og:image:type\" content=\"image\/jpeg\" \/>\n<meta name=\"author\" content=\"Arthur Bruno\" \/>\n<meta name=\"twitter:card\" content=\"summary_large_image\" \/>\n<meta name=\"twitter:label1\" content=\"Written by\" \/>\n\t<meta name=\"twitter:data1\" content=\"Arthur Bruno\" \/>\n\t<meta name=\"twitter:label2\" content=\"Est. reading time\" \/>\n\t<meta name=\"twitter:data2\" content=\"2 minutes\" \/>\n<script type=\"application\/ld+json\" class=\"yoast-schema-graph\">{\"@context\":\"https:\/\/schema.org\",\"@graph\":[{\"@type\":\"WebPage\",\"@id\":\"https:\/\/brasfit.com.br\/iveco-revela-os-proximos-lancamentos-em-comemoracao-aos-50-anos\/\",\"url\":\"https:\/\/brasfit.com.br\/iveco-revela-os-proximos-lancamentos-em-comemoracao-aos-50-anos\/\",\"name\":\"(Portugu\u00eas do Brasil) Iveco revela os pr\u00f3ximos lan\u00e7amentos em comemora\u00e7\u00e3o aos 50 anos - Brasfit\",\"isPartOf\":{\"@id\":\"http:\/\/brasfit.com.br\/#website\"},\"primaryImageOfPage\":{\"@id\":\"https:\/\/brasfit.com.br\/iveco-revela-os-proximos-lancamentos-em-comemoracao-aos-50-anos\/#primaryimage\"},\"image\":{\"@id\":\"https:\/\/brasfit.com.br\/iveco-revela-os-proximos-lancamentos-em-comemoracao-aos-50-anos\/#primaryimage\"},\"thumbnailUrl\":\"https:\/\/brasfit.com.br\/wp-content\/uploads\/2025\/06\/iveco_50anos_v2-1.jpg\",\"datePublished\":\"2025-06-18T12:13:05+00:00\",\"author\":{\"@id\":\"http:\/\/brasfit.com.br\/#\/schema\/person\/f9e3fec82da766ef05e7d0a63b2467bd\"},\"breadcrumb\":{\"@id\":\"https:\/\/brasfit.com.br\/iveco-revela-os-proximos-lancamentos-em-comemoracao-aos-50-anos\/#breadcrumb\"},\"inLanguage\":\"en-US\",\"potentialAction\":[{\"@type\":\"ReadAction\",\"target\":[\"https:\/\/brasfit.com.br\/iveco-revela-os-proximos-lancamentos-em-comemoracao-aos-50-anos\/\"]}]},{\"@type\":\"ImageObject\",\"inLanguage\":\"en-US\",\"@id\":\"https:\/\/brasfit.com.br\/iveco-revela-os-proximos-lancamentos-em-comemoracao-aos-50-anos\/#primaryimage\",\"url\":\"https:\/\/brasfit.com.br\/wp-content\/uploads\/2025\/06\/iveco_50anos_v2-1.jpg\",\"contentUrl\":\"https:\/\/brasfit.com.br\/wp-content\/uploads\/2025\/06\/iveco_50anos_v2-1.jpg\",\"width\":712,\"height\":453},{\"@type\":\"BreadcrumbList\",\"@id\":\"https:\/\/brasfit.com.br\/iveco-revela-os-proximos-lancamentos-em-comemoracao-aos-50-anos\/#breadcrumb\",\"itemListElement\":[{\"@type\":\"ListItem\",\"position\":1,\"name\":\"In\u00edcio\",\"item\":\"http:\/\/brasfit.com.br\/\"},{\"@type\":\"ListItem\",\"position\":2,\"name\":\"Iveco revela os pr\u00f3ximos lan\u00e7amentos em comemora\u00e7\u00e3o aos 50 anos\"}]},{\"@type\":\"WebSite\",\"@id\":\"http:\/\/brasfit.com.br\/#website\",\"url\":\"http:\/\/brasfit.com.br\/\",\"name\":\"Brasfit\",\"description\":\"\",\"potentialAction\":[{\"@type\":\"SearchAction\",\"target\":{\"@type\":\"EntryPoint\",\"urlTemplate\":\"http:\/\/brasfit.com.br\/?s={search_term_string}\"},\"query-input\":{\"@type\":\"PropertyValueSpecification\",\"valueRequired\":true,\"valueName\":\"search_term_string\"}}],\"inLanguage\":\"en-US\"},{\"@type\":\"Person\",\"@id\":\"http:\/\/brasfit.com.br\/#\/schema\/person\/f9e3fec82da766ef05e7d0a63b2467bd\",\"name\":\"Arthur Bruno\",\"image\":{\"@type\":\"ImageObject\",\"inLanguage\":\"en-US\",\"@id\":\"http:\/\/brasfit.com.br\/#\/schema\/person\/image\/\",\"url\":\"https:\/\/secure.gravatar.com\/avatar\/fb120edfbd8b9959ff3704b67d656d67bbcaf8777c80f101dcf86ebaafb0d75e?s=96&d=mm&r=g\",\"contentUrl\":\"https:\/\/secure.gravatar.com\/avatar\/fb120edfbd8b9959ff3704b67d656d67bbcaf8777c80f101dcf86ebaafb0d75e?s=96&d=mm&r=g\",\"caption\":\"Arthur Bruno\"},\"url\":\"https:\/\/brasfit.com.br\/en\/author\/arthur-bruno\/\"}]}<\/script>\n<!-- \/ Yoast SEO plugin. -->","yoast_head_json":{"title":"(Portugu\u00eas do Brasil) Iveco revela os pr\u00f3ximos lan\u00e7amentos em comemora\u00e7\u00e3o aos 50 anos - Brasfit","robots":{"index":"index","follow":"follow","max-snippet":"max-snippet:-1","max-image-preview":"max-image-preview:large","max-video-preview":"max-video-preview:-1"},"canonical":"https:\/\/brasfit.com.br\/iveco-revela-os-proximos-lancamentos-em-comemoracao-aos-50-anos\/","og_locale":"en_US","og_type":"article","og_title":"(Portugu\u00eas do Brasil) Iveco revela os pr\u00f3ximos lan\u00e7amentos em comemora\u00e7\u00e3o aos 50 anos - Brasfit","og_description":"Sorry, this entry is only available in Portugu\u00eas do Brasil.","og_url":"https:\/\/brasfit.com.br\/iveco-revela-os-proximos-lancamentos-em-comemoracao-aos-50-anos\/","og_site_name":"Brasfit","article_published_time":"2025-06-18T12:13:05+00:00","og_image":[{"width":712,"height":453,"url":"https:\/\/brasfit.com.br\/wp-content\/uploads\/2025\/06\/iveco_50anos_v2-1.jpg","type":"image\/jpeg"}],"author":"Arthur Bruno","twitter_card":"summary_large_image","twitter_misc":{"Written by":"Arthur Bruno","Est. reading time":"2 minutes"},"schema":{"@context":"https:\/\/schema.org","@graph":[{"@type":"WebPage","@id":"https:\/\/brasfit.com.br\/iveco-revela-os-proximos-lancamentos-em-comemoracao-aos-50-anos\/","url":"https:\/\/brasfit.com.br\/iveco-revela-os-proximos-lancamentos-em-comemoracao-aos-50-anos\/","name":"(Portugu\u00eas do Brasil) Iveco revela os pr\u00f3ximos lan\u00e7amentos em comemora\u00e7\u00e3o aos 50 anos - Brasfit","isPartOf":{"@id":"http:\/\/brasfit.com.br\/#website"},"primaryImageOfPage":{"@id":"https:\/\/brasfit.com.br\/iveco-revela-os-proximos-lancamentos-em-comemoracao-aos-50-anos\/#primaryimage"},"image":{"@id":"https:\/\/brasfit.com.br\/iveco-revela-os-proximos-lancamentos-em-comemoracao-aos-50-anos\/#primaryimage"},"thumbnailUrl":"https:\/\/brasfit.com.br\/wp-content\/uploads\/2025\/06\/iveco_50anos_v2-1.jpg","datePublished":"2025-06-18T12:13:05+00:00","author":{"@id":"http:\/\/brasfit.com.br\/#\/schema\/person\/f9e3fec82da766ef05e7d0a63b2467bd"},"breadcrumb":{"@id":"https:\/\/brasfit.com.br\/iveco-revela-os-proximos-lancamentos-em-comemoracao-aos-50-anos\/#breadcrumb"},"inLanguage":"en-US","potentialAction":[{"@type":"ReadAction","target":["https:\/\/brasfit.com.br\/iveco-revela-os-proximos-lancamentos-em-comemoracao-aos-50-anos\/"]}]},{"@type":"ImageObject","inLanguage":"en-US","@id":"https:\/\/brasfit.com.br\/iveco-revela-os-proximos-lancamentos-em-comemoracao-aos-50-anos\/#primaryimage","url":"https:\/\/brasfit.com.br\/wp-content\/uploads\/2025\/06\/iveco_50anos_v2-1.jpg","contentUrl":"https:\/\/brasfit.com.br\/wp-content\/uploads\/2025\/06\/iveco_50anos_v2-1.jpg","width":712,"height":453},{"@type":"BreadcrumbList","@id":"https:\/\/brasfit.com.br\/iveco-revela-os-proximos-lancamentos-em-comemoracao-aos-50-anos\/#breadcrumb","itemListElement":[{"@type":"ListItem","position":1,"name":"In\u00edcio","item":"http:\/\/brasfit.com.br\/"},{"@type":"ListItem","position":2,"name":"Iveco revela os pr\u00f3ximos lan\u00e7amentos em comemora\u00e7\u00e3o aos 50 anos"}]},{"@type":"WebSite","@id":"http:\/\/brasfit.com.br\/#website","url":"http:\/\/brasfit.com.br\/","name":"Brasfit","description":"","potentialAction":[{"@type":"SearchAction","target":{"@type":"EntryPoint","urlTemplate":"http:\/\/brasfit.com.br\/?s={search_term_string}"},"query-input":{"@type":"PropertyValueSpecification","valueRequired":true,"valueName":"search_term_string"}}],"inLanguage":"en-US"},{"@type":"Person","@id":"http:\/\/brasfit.com.br\/#\/schema\/person\/f9e3fec82da766ef05e7d0a63b2467bd","name":"Arthur Bruno","image":{"@type":"ImageObject","inLanguage":"en-US","@id":"http:\/\/brasfit.com.br\/#\/schema\/person\/image\/","url":"https:\/\/secure.gravatar.com\/avatar\/fb120edfbd8b9959ff3704b67d656d67bbcaf8777c80f101dcf86ebaafb0d75e?s=96&d=mm&r=g","contentUrl":"https:\/\/secure.gravatar.com\/avatar\/fb120edfbd8b9959ff3704b67d656d67bbcaf8777c80f101dcf86ebaafb0d75e?s=96&d=mm&r=g","caption":"Arthur Bruno"},"url":"https:\/\/brasfit.com.br\/en\/author\/arthur-bruno\/"}]}},"_links":{"self":[{"href":"https:\/\/brasfit.com.br\/en\/wp-json\/wp\/v2\/posts\/17898","targetHints":{"allow":["GET"]}}],"collection":[{"href":"https:\/\/brasfit.com.br\/en\/wp-json\/wp\/v2\/posts"}],"about":[{"href":"https:\/\/brasfit.com.br\/en\/wp-json\/wp\/v2\/types\/post"}],"author":[{"embeddable":true,"href":"https:\/\/brasfit.com.br\/en\/wp-json\/wp\/v2\/users\/4"}],"replies":[{"embeddable":true,"href":"https:\/\/brasfit.com.br\/en\/wp-json\/wp\/v2\/comments?post=17898"}],"version-history":[{"count":4,"href":"https:\/\/brasfit.com.br\/en\/wp-json\/wp\/v2\/posts\/17898\/revisions"}],"predecessor-version":[{"id":17903,"href":"https:\/\/brasfit.com.br\/en\/wp-json\/wp\/v2\/posts\/17898\/revisions\/17903"}],"wp:featuredmedia":[{"embeddable":true,"href":"https:\/\/brasfit.com.br\/en\/wp-json\/wp\/v2\/media\/17902"}],"wp:attachment":[{"href":"https:\/\/brasfit.com.br\/en\/wp-json\/wp\/v2\/media?parent=17898"}],"wp:term":[{"taxonomy":"category","embeddable":true,"href":"https:\/\/brasfit.com.br\/en\/wp-json\/wp\/v2\/categories?post=17898"},{"taxonomy":"post_tag","embeddable":true,"href":"https:\/\/brasfit.com.br\/en\/wp-json\/wp\/v2\/tags?post=17898"}],"curies":[{"name":"wp","href":"https:\/\/api.w.org\/{rel}","templated":true}]}}