{"id":16463,"date":"2024-03-06T10:21:09","date_gmt":"2024-03-06T13:21:09","guid":{"rendered":"https:\/\/brasfit.com.br\/?p=16463"},"modified":"2024-03-06T11:16:44","modified_gmt":"2024-03-06T14:16:44","slug":"vendas-de-caminhoes-esbocam-recuperacao-em-fevereiro","status":"publish","type":"post","link":"https:\/\/brasfit.com.br\/es\/vendas-de-caminhoes-esbocam-recuperacao-em-fevereiro\/","title":{"rendered":"(Portugu\u00eas do Brasil) Vendas de Caminh\u00f5es Esbo\u00e7am Recupera\u00e7\u00e3o em Fevereiro"},"content":{"rendered":"<p class=\"qtranxs-available-languages-message qtranxs-available-languages-message-es\">Disculpa, pero esta entrada est\u00e1 disponible s\u00f3lo en <a href=\"https:\/\/brasfit.com.br\/pb\/wp-json\/wp\/v2\/posts\/16463\" class=\"qtranxs-available-language-link qtranxs-available-language-link-pb\" title=\"Portugu\u00eas do Brasil\">Portugu\u00eas do Brasil<\/a>.<\/p>","protected":false},"excerpt":{"rendered":"<p>Disculpa, pero esta entrada est\u00e1 disponible s\u00f3lo en Portugu\u00eas do Brasil.<\/p>\n","protected":false},"author":4,"featured_media":16465,"comment_status":"open","ping_status":"open","sticky":false,"template":"","format":"standard","meta":{"_acf_changed":false,"footnotes":""},"categories":[1],"tags":[],"class_list":["post-16463","post","type-post","status-publish","format-standard","has-post-thumbnail","hentry","category-noticias"],"acf":[],"yoast_head":"<!-- This site is optimized with the Yoast SEO plugin v25.2 - https:\/\/yoast.com\/wordpress\/plugins\/seo\/ -->\n<title>(Portugu\u00eas do Brasil) Vendas de Caminh\u00f5es Esbo\u00e7am Recupera\u00e7\u00e3o em Fevereiro - Brasfit<\/title>\n<meta name=\"description\" content=\"Embora ainda t\u00edmida, a recupera\u00e7\u00e3o \u00e9 um alento para o setor, que vinha sofrendo com a queda nas vendas nos \u00faltimos meses. Na compara\u00e7\u00e3o anual, o crescimento foi de 4,6%, indicando que o mercado pode estar come\u00e7ando a se estabilizar.\" \/>\n<meta name=\"robots\" content=\"index, follow, max-snippet:-1, max-image-preview:large, max-video-preview:-1\" \/>\n<link rel=\"canonical\" href=\"https:\/\/brasfit.com.br\/vendas-de-caminhoes-esbocam-recuperacao-em-fevereiro\/\" \/>\n<meta property=\"og:locale\" content=\"es_ES\" \/>\n<meta property=\"og:type\" content=\"article\" \/>\n<meta property=\"og:title\" content=\"(Portugu\u00eas do Brasil) Vendas de Caminh\u00f5es Esbo\u00e7am Recupera\u00e7\u00e3o em Fevereiro - Brasfit\" \/>\n<meta property=\"og:description\" content=\"Embora ainda t\u00edmida, a recupera\u00e7\u00e3o \u00e9 um alento para o setor, que vinha sofrendo com a queda nas vendas nos \u00faltimos meses. Na compara\u00e7\u00e3o anual, o crescimento foi de 4,6%, indicando que o mercado pode estar come\u00e7ando a se estabilizar.\" \/>\n<meta property=\"og:url\" content=\"https:\/\/brasfit.com.br\/vendas-de-caminhoes-esbocam-recuperacao-em-fevereiro\/\" \/>\n<meta property=\"og:site_name\" content=\"Brasfit\" \/>\n<meta property=\"article:published_time\" content=\"2024-03-06T13:21:09+00:00\" \/>\n<meta property=\"article:modified_time\" content=\"2024-03-06T14:16:44+00:00\" \/>\n<meta property=\"og:image\" content=\"https:\/\/brasfit.com.br\/wp-content\/uploads\/2024\/03\/Vendas-de-caminhoes-esbocam-recuperacao-em-fevereiro.jpg\" \/>\n\t<meta property=\"og:image:width\" content=\"1200\" \/>\n\t<meta property=\"og:image:height\" content=\"675\" \/>\n\t<meta property=\"og:image:type\" content=\"image\/jpeg\" \/>\n<meta name=\"author\" content=\"Arthur Bruno\" \/>\n<meta name=\"twitter:card\" content=\"summary_large_image\" \/>\n<meta name=\"twitter:label1\" content=\"Escrito por\" \/>\n\t<meta name=\"twitter:data1\" content=\"Arthur Bruno\" \/>\n\t<meta name=\"twitter:label2\" content=\"Tiempo de lectura\" \/>\n\t<meta name=\"twitter:data2\" content=\"2 minutos\" \/>\n<script type=\"application\/ld+json\" class=\"yoast-schema-graph\">{\"@context\":\"https:\/\/schema.org\",\"@graph\":[{\"@type\":\"WebPage\",\"@id\":\"https:\/\/brasfit.com.br\/vendas-de-caminhoes-esbocam-recuperacao-em-fevereiro\/\",\"url\":\"https:\/\/brasfit.com.br\/vendas-de-caminhoes-esbocam-recuperacao-em-fevereiro\/\",\"name\":\"(Portugu\u00eas do Brasil) Vendas de Caminh\u00f5es Esbo\u00e7am Recupera\u00e7\u00e3o em Fevereiro - Brasfit\",\"isPartOf\":{\"@id\":\"http:\/\/brasfit.com.br\/#website\"},\"primaryImageOfPage\":{\"@id\":\"https:\/\/brasfit.com.br\/vendas-de-caminhoes-esbocam-recuperacao-em-fevereiro\/#primaryimage\"},\"image\":{\"@id\":\"https:\/\/brasfit.com.br\/vendas-de-caminhoes-esbocam-recuperacao-em-fevereiro\/#primaryimage\"},\"thumbnailUrl\":\"https:\/\/brasfit.com.br\/wp-content\/uploads\/2024\/03\/Vendas-de-caminhoes-esbocam-recuperacao-em-fevereiro.jpg\",\"datePublished\":\"2024-03-06T13:21:09+00:00\",\"dateModified\":\"2024-03-06T14:16:44+00:00\",\"author\":{\"@id\":\"http:\/\/brasfit.com.br\/#\/schema\/person\/f9e3fec82da766ef05e7d0a63b2467bd\"},\"description\":\"Embora ainda t\u00edmida, a recupera\u00e7\u00e3o \u00e9 um alento para o setor, que vinha sofrendo com a queda nas vendas nos \u00faltimos meses. Na compara\u00e7\u00e3o anual, o crescimento foi de 4,6%, indicando que o mercado pode estar come\u00e7ando a se estabilizar.\",\"breadcrumb\":{\"@id\":\"https:\/\/brasfit.com.br\/vendas-de-caminhoes-esbocam-recuperacao-em-fevereiro\/#breadcrumb\"},\"inLanguage\":\"es\",\"potentialAction\":[{\"@type\":\"ReadAction\",\"target\":[\"https:\/\/brasfit.com.br\/vendas-de-caminhoes-esbocam-recuperacao-em-fevereiro\/\"]}]},{\"@type\":\"ImageObject\",\"inLanguage\":\"es\",\"@id\":\"https:\/\/brasfit.com.br\/vendas-de-caminhoes-esbocam-recuperacao-em-fevereiro\/#primaryimage\",\"url\":\"https:\/\/brasfit.com.br\/wp-content\/uploads\/2024\/03\/Vendas-de-caminhoes-esbocam-recuperacao-em-fevereiro.jpg\",\"contentUrl\":\"https:\/\/brasfit.com.br\/wp-content\/uploads\/2024\/03\/Vendas-de-caminhoes-esbocam-recuperacao-em-fevereiro.jpg\",\"width\":1200,\"height\":675},{\"@type\":\"BreadcrumbList\",\"@id\":\"https:\/\/brasfit.com.br\/vendas-de-caminhoes-esbocam-recuperacao-em-fevereiro\/#breadcrumb\",\"itemListElement\":[{\"@type\":\"ListItem\",\"position\":1,\"name\":\"In\u00edcio\",\"item\":\"http:\/\/brasfit.com.br\/\"},{\"@type\":\"ListItem\",\"position\":2,\"name\":\"Vendas de Caminh\u00f5es Esbo\u00e7am Recupera\u00e7\u00e3o em Fevereiro\"}]},{\"@type\":\"WebSite\",\"@id\":\"http:\/\/brasfit.com.br\/#website\",\"url\":\"http:\/\/brasfit.com.br\/\",\"name\":\"Brasfit\",\"description\":\"\",\"potentialAction\":[{\"@type\":\"SearchAction\",\"target\":{\"@type\":\"EntryPoint\",\"urlTemplate\":\"http:\/\/brasfit.com.br\/?s={search_term_string}\"},\"query-input\":{\"@type\":\"PropertyValueSpecification\",\"valueRequired\":true,\"valueName\":\"search_term_string\"}}],\"inLanguage\":\"es\"},{\"@type\":\"Person\",\"@id\":\"http:\/\/brasfit.com.br\/#\/schema\/person\/f9e3fec82da766ef05e7d0a63b2467bd\",\"name\":\"Arthur Bruno\",\"image\":{\"@type\":\"ImageObject\",\"inLanguage\":\"es\",\"@id\":\"http:\/\/brasfit.com.br\/#\/schema\/person\/image\/\",\"url\":\"https:\/\/secure.gravatar.com\/avatar\/fb120edfbd8b9959ff3704b67d656d67bbcaf8777c80f101dcf86ebaafb0d75e?s=96&d=mm&r=g\",\"contentUrl\":\"https:\/\/secure.gravatar.com\/avatar\/fb120edfbd8b9959ff3704b67d656d67bbcaf8777c80f101dcf86ebaafb0d75e?s=96&d=mm&r=g\",\"caption\":\"Arthur Bruno\"},\"url\":\"https:\/\/brasfit.com.br\/es\/author\/arthur-bruno\/\"}]}<\/script>\n<!-- \/ Yoast SEO plugin. -->","yoast_head_json":{"title":"(Portugu\u00eas do Brasil) Vendas de Caminh\u00f5es Esbo\u00e7am Recupera\u00e7\u00e3o em Fevereiro - Brasfit","description":"Embora ainda t\u00edmida, a recupera\u00e7\u00e3o \u00e9 um alento para o setor, que vinha sofrendo com a queda nas vendas nos \u00faltimos meses. Na compara\u00e7\u00e3o anual, o crescimento foi de 4,6%, indicando que o mercado pode estar come\u00e7ando a se estabilizar.","robots":{"index":"index","follow":"follow","max-snippet":"max-snippet:-1","max-image-preview":"max-image-preview:large","max-video-preview":"max-video-preview:-1"},"canonical":"https:\/\/brasfit.com.br\/vendas-de-caminhoes-esbocam-recuperacao-em-fevereiro\/","og_locale":"es_ES","og_type":"article","og_title":"(Portugu\u00eas do Brasil) Vendas de Caminh\u00f5es Esbo\u00e7am Recupera\u00e7\u00e3o em Fevereiro - Brasfit","og_description":"Embora ainda t\u00edmida, a recupera\u00e7\u00e3o \u00e9 um alento para o setor, que vinha sofrendo com a queda nas vendas nos \u00faltimos meses. Na compara\u00e7\u00e3o anual, o crescimento foi de 4,6%, indicando que o mercado pode estar come\u00e7ando a se estabilizar.","og_url":"https:\/\/brasfit.com.br\/vendas-de-caminhoes-esbocam-recuperacao-em-fevereiro\/","og_site_name":"Brasfit","article_published_time":"2024-03-06T13:21:09+00:00","article_modified_time":"2024-03-06T14:16:44+00:00","og_image":[{"width":1200,"height":675,"url":"https:\/\/brasfit.com.br\/wp-content\/uploads\/2024\/03\/Vendas-de-caminhoes-esbocam-recuperacao-em-fevereiro.jpg","type":"image\/jpeg"}],"author":"Arthur Bruno","twitter_card":"summary_large_image","twitter_misc":{"Escrito por":"Arthur Bruno","Tiempo de lectura":"2 minutos"},"schema":{"@context":"https:\/\/schema.org","@graph":[{"@type":"WebPage","@id":"https:\/\/brasfit.com.br\/vendas-de-caminhoes-esbocam-recuperacao-em-fevereiro\/","url":"https:\/\/brasfit.com.br\/vendas-de-caminhoes-esbocam-recuperacao-em-fevereiro\/","name":"(Portugu\u00eas do Brasil) Vendas de Caminh\u00f5es Esbo\u00e7am Recupera\u00e7\u00e3o em Fevereiro - Brasfit","isPartOf":{"@id":"http:\/\/brasfit.com.br\/#website"},"primaryImageOfPage":{"@id":"https:\/\/brasfit.com.br\/vendas-de-caminhoes-esbocam-recuperacao-em-fevereiro\/#primaryimage"},"image":{"@id":"https:\/\/brasfit.com.br\/vendas-de-caminhoes-esbocam-recuperacao-em-fevereiro\/#primaryimage"},"thumbnailUrl":"https:\/\/brasfit.com.br\/wp-content\/uploads\/2024\/03\/Vendas-de-caminhoes-esbocam-recuperacao-em-fevereiro.jpg","datePublished":"2024-03-06T13:21:09+00:00","dateModified":"2024-03-06T14:16:44+00:00","author":{"@id":"http:\/\/brasfit.com.br\/#\/schema\/person\/f9e3fec82da766ef05e7d0a63b2467bd"},"description":"Embora ainda t\u00edmida, a recupera\u00e7\u00e3o \u00e9 um alento para o setor, que vinha sofrendo com a queda nas vendas nos \u00faltimos meses. Na compara\u00e7\u00e3o anual, o crescimento foi de 4,6%, indicando que o mercado pode estar come\u00e7ando a se estabilizar.","breadcrumb":{"@id":"https:\/\/brasfit.com.br\/vendas-de-caminhoes-esbocam-recuperacao-em-fevereiro\/#breadcrumb"},"inLanguage":"es","potentialAction":[{"@type":"ReadAction","target":["https:\/\/brasfit.com.br\/vendas-de-caminhoes-esbocam-recuperacao-em-fevereiro\/"]}]},{"@type":"ImageObject","inLanguage":"es","@id":"https:\/\/brasfit.com.br\/vendas-de-caminhoes-esbocam-recuperacao-em-fevereiro\/#primaryimage","url":"https:\/\/brasfit.com.br\/wp-content\/uploads\/2024\/03\/Vendas-de-caminhoes-esbocam-recuperacao-em-fevereiro.jpg","contentUrl":"https:\/\/brasfit.com.br\/wp-content\/uploads\/2024\/03\/Vendas-de-caminhoes-esbocam-recuperacao-em-fevereiro.jpg","width":1200,"height":675},{"@type":"BreadcrumbList","@id":"https:\/\/brasfit.com.br\/vendas-de-caminhoes-esbocam-recuperacao-em-fevereiro\/#breadcrumb","itemListElement":[{"@type":"ListItem","position":1,"name":"In\u00edcio","item":"http:\/\/brasfit.com.br\/"},{"@type":"ListItem","position":2,"name":"Vendas de Caminh\u00f5es Esbo\u00e7am Recupera\u00e7\u00e3o em Fevereiro"}]},{"@type":"WebSite","@id":"http:\/\/brasfit.com.br\/#website","url":"http:\/\/brasfit.com.br\/","name":"Brasfit","description":"","potentialAction":[{"@type":"SearchAction","target":{"@type":"EntryPoint","urlTemplate":"http:\/\/brasfit.com.br\/?s={search_term_string}"},"query-input":{"@type":"PropertyValueSpecification","valueRequired":true,"valueName":"search_term_string"}}],"inLanguage":"es"},{"@type":"Person","@id":"http:\/\/brasfit.com.br\/#\/schema\/person\/f9e3fec82da766ef05e7d0a63b2467bd","name":"Arthur Bruno","image":{"@type":"ImageObject","inLanguage":"es","@id":"http:\/\/brasfit.com.br\/#\/schema\/person\/image\/","url":"https:\/\/secure.gravatar.com\/avatar\/fb120edfbd8b9959ff3704b67d656d67bbcaf8777c80f101dcf86ebaafb0d75e?s=96&d=mm&r=g","contentUrl":"https:\/\/secure.gravatar.com\/avatar\/fb120edfbd8b9959ff3704b67d656d67bbcaf8777c80f101dcf86ebaafb0d75e?s=96&d=mm&r=g","caption":"Arthur Bruno"},"url":"https:\/\/brasfit.com.br\/es\/author\/arthur-bruno\/"}]}},"_links":{"self":[{"href":"https:\/\/brasfit.com.br\/es\/wp-json\/wp\/v2\/posts\/16463","targetHints":{"allow":["GET"]}}],"collection":[{"href":"https:\/\/brasfit.com.br\/es\/wp-json\/wp\/v2\/posts"}],"about":[{"href":"https:\/\/brasfit.com.br\/es\/wp-json\/wp\/v2\/types\/post"}],"author":[{"embeddable":true,"href":"https:\/\/brasfit.com.br\/es\/wp-json\/wp\/v2\/users\/4"}],"replies":[{"embeddable":true,"href":"https:\/\/brasfit.com.br\/es\/wp-json\/wp\/v2\/comments?post=16463"}],"version-history":[{"count":4,"href":"https:\/\/brasfit.com.br\/es\/wp-json\/wp\/v2\/posts\/16463\/revisions"}],"predecessor-version":[{"id":16468,"href":"https:\/\/brasfit.com.br\/es\/wp-json\/wp\/v2\/posts\/16463\/revisions\/16468"}],"wp:featuredmedia":[{"embeddable":true,"href":"https:\/\/brasfit.com.br\/es\/wp-json\/wp\/v2\/media\/16465"}],"wp:attachment":[{"href":"https:\/\/brasfit.com.br\/es\/wp-json\/wp\/v2\/media?parent=16463"}],"wp:term":[{"taxonomy":"category","embeddable":true,"href":"https:\/\/brasfit.com.br\/es\/wp-json\/wp\/v2\/categories?post=16463"},{"taxonomy":"post_tag","embeddable":true,"href":"https:\/\/brasfit.com.br\/es\/wp-json\/wp\/v2\/tags?post=16463"}],"curies":[{"name":"wp","href":"https:\/\/api.w.org\/{rel}","templated":true}]}}