{"id":17371,"date":"2024-09-26T16:45:16","date_gmt":"2024-09-26T19:45:16","guid":{"rendered":"https:\/\/brasfit.com.br\/?p=17371"},"modified":"2024-09-26T16:47:44","modified_gmt":"2024-09-26T19:47:44","slug":"visite-a-brasfit-na-fenatran-2024","status":"publish","type":"post","link":"https:\/\/brasfit.com.br\/es\/visite-a-brasfit-na-fenatran-2024\/","title":{"rendered":"(Portugu\u00eas do Brasil) Visite a Brasfit na Fenatran 2024!"},"content":{"rendered":"<p class=\"qtranxs-available-languages-message qtranxs-available-languages-message-es\">Disculpa, pero esta entrada est\u00e1 disponible s\u00f3lo en <a href=\"https:\/\/brasfit.com.br\/pb\/wp-json\/wp\/v2\/posts\/17371\" class=\"qtranxs-available-language-link qtranxs-available-language-link-pb\" title=\"Portugu\u00eas do Brasil\">Portugu\u00eas do Brasil<\/a>.<\/p>","protected":false},"excerpt":{"rendered":"<p>Disculpa, pero esta entrada est\u00e1 disponible s\u00f3lo en Portugu\u00eas do Brasil.<\/p>\n","protected":false},"author":5,"featured_media":17374,"comment_status":"open","ping_status":"open","sticky":false,"template":"","format":"standard","meta":{"_acf_changed":false,"footnotes":""},"categories":[1],"tags":[],"class_list":["post-17371","post","type-post","status-publish","format-standard","has-post-thumbnail","hentry","category-noticias"],"acf":[],"yoast_head":"<!-- This site is optimized with the Yoast SEO plugin v25.2 - https:\/\/yoast.com\/wordpress\/plugins\/seo\/ -->\n<title>(Portugu\u00eas do Brasil) Visite a Brasfit na Fenatran 2024! - Brasfit<\/title>\n<meta name=\"description\" content=\"A Fenatran 2024, o maior evento de transporte rodovi\u00e1rio de cargas da Am\u00e9rica Latina, acontecer\u00e1 de 4 a 8 de novembro no S\u00e3o Paulo Expo, trazendo inova\u00e7\u00f5es e tend\u00eancias do setor.\" \/>\n<meta name=\"robots\" content=\"index, follow, max-snippet:-1, max-image-preview:large, max-video-preview:-1\" \/>\n<link rel=\"canonical\" href=\"https:\/\/brasfit.com.br\/visite-a-brasfit-na-fenatran-2024\/\" \/>\n<meta property=\"og:locale\" content=\"es_ES\" \/>\n<meta property=\"og:type\" content=\"article\" \/>\n<meta property=\"og:title\" content=\"(Portugu\u00eas do Brasil) Visite a Brasfit na Fenatran 2024! - Brasfit\" \/>\n<meta property=\"og:description\" content=\"A Fenatran 2024, o maior evento de transporte rodovi\u00e1rio de cargas da Am\u00e9rica Latina, acontecer\u00e1 de 4 a 8 de novembro no S\u00e3o Paulo Expo, trazendo inova\u00e7\u00f5es e tend\u00eancias do setor.\" \/>\n<meta property=\"og:url\" content=\"https:\/\/brasfit.com.br\/visite-a-brasfit-na-fenatran-2024\/\" \/>\n<meta property=\"og:site_name\" content=\"Brasfit\" \/>\n<meta property=\"article:published_time\" content=\"2024-09-26T19:45:16+00:00\" \/>\n<meta property=\"article:modified_time\" content=\"2024-09-26T19:47:44+00:00\" \/>\n<meta property=\"og:image\" content=\"https:\/\/brasfit.com.br\/wp-content\/uploads\/2024\/09\/Brasfit-Conexoes-Fenatran-2024.png\" \/>\n\t<meta property=\"og:image:width\" content=\"765\" \/>\n\t<meta property=\"og:image:height\" content=\"197\" \/>\n\t<meta property=\"og:image:type\" content=\"image\/png\" \/>\n<meta name=\"author\" content=\"Flavio Sakano\" \/>\n<meta name=\"twitter:card\" content=\"summary_large_image\" \/>\n<meta name=\"twitter:label1\" content=\"Escrito por\" \/>\n\t<meta name=\"twitter:data1\" content=\"Flavio Sakano\" \/>\n\t<meta name=\"twitter:label2\" content=\"Tiempo de lectura\" \/>\n\t<meta name=\"twitter:data2\" content=\"2 minutos\" \/>\n<script type=\"application\/ld+json\" class=\"yoast-schema-graph\">{\"@context\":\"https:\/\/schema.org\",\"@graph\":[{\"@type\":\"WebPage\",\"@id\":\"https:\/\/brasfit.com.br\/visite-a-brasfit-na-fenatran-2024\/\",\"url\":\"https:\/\/brasfit.com.br\/visite-a-brasfit-na-fenatran-2024\/\",\"name\":\"(Portugu\u00eas do Brasil) Visite a Brasfit na Fenatran 2024! - Brasfit\",\"isPartOf\":{\"@id\":\"http:\/\/brasfit.com.br\/#website\"},\"primaryImageOfPage\":{\"@id\":\"https:\/\/brasfit.com.br\/visite-a-brasfit-na-fenatran-2024\/#primaryimage\"},\"image\":{\"@id\":\"https:\/\/brasfit.com.br\/visite-a-brasfit-na-fenatran-2024\/#primaryimage\"},\"thumbnailUrl\":\"https:\/\/brasfit.com.br\/wp-content\/uploads\/2024\/09\/Brasfit-Conexoes-Fenatran-2024.png\",\"datePublished\":\"2024-09-26T19:45:16+00:00\",\"dateModified\":\"2024-09-26T19:47:44+00:00\",\"author\":{\"@id\":\"http:\/\/brasfit.com.br\/#\/schema\/person\/709f20f4a29d97160b5a66d2dfe71640\"},\"description\":\"A Fenatran 2024, o maior evento de transporte rodovi\u00e1rio de cargas da Am\u00e9rica Latina, acontecer\u00e1 de 4 a 8 de novembro no S\u00e3o Paulo Expo, trazendo inova\u00e7\u00f5es e tend\u00eancias do setor.\",\"breadcrumb\":{\"@id\":\"https:\/\/brasfit.com.br\/visite-a-brasfit-na-fenatran-2024\/#breadcrumb\"},\"inLanguage\":\"es\",\"potentialAction\":[{\"@type\":\"ReadAction\",\"target\":[\"https:\/\/brasfit.com.br\/visite-a-brasfit-na-fenatran-2024\/\"]}]},{\"@type\":\"ImageObject\",\"inLanguage\":\"es\",\"@id\":\"https:\/\/brasfit.com.br\/visite-a-brasfit-na-fenatran-2024\/#primaryimage\",\"url\":\"https:\/\/brasfit.com.br\/wp-content\/uploads\/2024\/09\/Brasfit-Conexoes-Fenatran-2024.png\",\"contentUrl\":\"https:\/\/brasfit.com.br\/wp-content\/uploads\/2024\/09\/Brasfit-Conexoes-Fenatran-2024.png\",\"width\":765,\"height\":197},{\"@type\":\"BreadcrumbList\",\"@id\":\"https:\/\/brasfit.com.br\/visite-a-brasfit-na-fenatran-2024\/#breadcrumb\",\"itemListElement\":[{\"@type\":\"ListItem\",\"position\":1,\"name\":\"In\u00edcio\",\"item\":\"http:\/\/brasfit.com.br\/\"},{\"@type\":\"ListItem\",\"position\":2,\"name\":\"Visite a Brasfit na Fenatran 2024!\"}]},{\"@type\":\"WebSite\",\"@id\":\"http:\/\/brasfit.com.br\/#website\",\"url\":\"http:\/\/brasfit.com.br\/\",\"name\":\"Brasfit\",\"description\":\"\",\"potentialAction\":[{\"@type\":\"SearchAction\",\"target\":{\"@type\":\"EntryPoint\",\"urlTemplate\":\"http:\/\/brasfit.com.br\/?s={search_term_string}\"},\"query-input\":{\"@type\":\"PropertyValueSpecification\",\"valueRequired\":true,\"valueName\":\"search_term_string\"}}],\"inLanguage\":\"es\"},{\"@type\":\"Person\",\"@id\":\"http:\/\/brasfit.com.br\/#\/schema\/person\/709f20f4a29d97160b5a66d2dfe71640\",\"name\":\"Flavio Sakano\",\"image\":{\"@type\":\"ImageObject\",\"inLanguage\":\"es\",\"@id\":\"http:\/\/brasfit.com.br\/#\/schema\/person\/image\/\",\"url\":\"https:\/\/secure.gravatar.com\/avatar\/eccd30e9c67dc0714b02060be4a4a5807b9a4980af69c9bfbc22a44f44c38904?s=96&d=mm&r=g\",\"contentUrl\":\"https:\/\/secure.gravatar.com\/avatar\/eccd30e9c67dc0714b02060be4a4a5807b9a4980af69c9bfbc22a44f44c38904?s=96&d=mm&r=g\",\"caption\":\"Flavio Sakano\"},\"sameAs\":[\"http:\/\/www.brasfit.com.br\"],\"url\":\"https:\/\/brasfit.com.br\/es\/author\/flavio-sakano\/\"}]}<\/script>\n<!-- \/ Yoast SEO plugin. -->","yoast_head_json":{"title":"(Portugu\u00eas do Brasil) Visite a Brasfit na Fenatran 2024! - Brasfit","description":"A Fenatran 2024, o maior evento de transporte rodovi\u00e1rio de cargas da Am\u00e9rica Latina, acontecer\u00e1 de 4 a 8 de novembro no S\u00e3o Paulo Expo, trazendo inova\u00e7\u00f5es e tend\u00eancias do setor.","robots":{"index":"index","follow":"follow","max-snippet":"max-snippet:-1","max-image-preview":"max-image-preview:large","max-video-preview":"max-video-preview:-1"},"canonical":"https:\/\/brasfit.com.br\/visite-a-brasfit-na-fenatran-2024\/","og_locale":"es_ES","og_type":"article","og_title":"(Portugu\u00eas do Brasil) Visite a Brasfit na Fenatran 2024! - Brasfit","og_description":"A Fenatran 2024, o maior evento de transporte rodovi\u00e1rio de cargas da Am\u00e9rica Latina, acontecer\u00e1 de 4 a 8 de novembro no S\u00e3o Paulo Expo, trazendo inova\u00e7\u00f5es e tend\u00eancias do setor.","og_url":"https:\/\/brasfit.com.br\/visite-a-brasfit-na-fenatran-2024\/","og_site_name":"Brasfit","article_published_time":"2024-09-26T19:45:16+00:00","article_modified_time":"2024-09-26T19:47:44+00:00","og_image":[{"width":765,"height":197,"url":"https:\/\/brasfit.com.br\/wp-content\/uploads\/2024\/09\/Brasfit-Conexoes-Fenatran-2024.png","type":"image\/png"}],"author":"Flavio Sakano","twitter_card":"summary_large_image","twitter_misc":{"Escrito por":"Flavio Sakano","Tiempo de lectura":"2 minutos"},"schema":{"@context":"https:\/\/schema.org","@graph":[{"@type":"WebPage","@id":"https:\/\/brasfit.com.br\/visite-a-brasfit-na-fenatran-2024\/","url":"https:\/\/brasfit.com.br\/visite-a-brasfit-na-fenatran-2024\/","name":"(Portugu\u00eas do Brasil) Visite a Brasfit na Fenatran 2024! - Brasfit","isPartOf":{"@id":"http:\/\/brasfit.com.br\/#website"},"primaryImageOfPage":{"@id":"https:\/\/brasfit.com.br\/visite-a-brasfit-na-fenatran-2024\/#primaryimage"},"image":{"@id":"https:\/\/brasfit.com.br\/visite-a-brasfit-na-fenatran-2024\/#primaryimage"},"thumbnailUrl":"https:\/\/brasfit.com.br\/wp-content\/uploads\/2024\/09\/Brasfit-Conexoes-Fenatran-2024.png","datePublished":"2024-09-26T19:45:16+00:00","dateModified":"2024-09-26T19:47:44+00:00","author":{"@id":"http:\/\/brasfit.com.br\/#\/schema\/person\/709f20f4a29d97160b5a66d2dfe71640"},"description":"A Fenatran 2024, o maior evento de transporte rodovi\u00e1rio de cargas da Am\u00e9rica Latina, acontecer\u00e1 de 4 a 8 de novembro no S\u00e3o Paulo Expo, trazendo inova\u00e7\u00f5es e tend\u00eancias do setor.","breadcrumb":{"@id":"https:\/\/brasfit.com.br\/visite-a-brasfit-na-fenatran-2024\/#breadcrumb"},"inLanguage":"es","potentialAction":[{"@type":"ReadAction","target":["https:\/\/brasfit.com.br\/visite-a-brasfit-na-fenatran-2024\/"]}]},{"@type":"ImageObject","inLanguage":"es","@id":"https:\/\/brasfit.com.br\/visite-a-brasfit-na-fenatran-2024\/#primaryimage","url":"https:\/\/brasfit.com.br\/wp-content\/uploads\/2024\/09\/Brasfit-Conexoes-Fenatran-2024.png","contentUrl":"https:\/\/brasfit.com.br\/wp-content\/uploads\/2024\/09\/Brasfit-Conexoes-Fenatran-2024.png","width":765,"height":197},{"@type":"BreadcrumbList","@id":"https:\/\/brasfit.com.br\/visite-a-brasfit-na-fenatran-2024\/#breadcrumb","itemListElement":[{"@type":"ListItem","position":1,"name":"In\u00edcio","item":"http:\/\/brasfit.com.br\/"},{"@type":"ListItem","position":2,"name":"Visite a Brasfit na Fenatran 2024!"}]},{"@type":"WebSite","@id":"http:\/\/brasfit.com.br\/#website","url":"http:\/\/brasfit.com.br\/","name":"Brasfit","description":"","potentialAction":[{"@type":"SearchAction","target":{"@type":"EntryPoint","urlTemplate":"http:\/\/brasfit.com.br\/?s={search_term_string}"},"query-input":{"@type":"PropertyValueSpecification","valueRequired":true,"valueName":"search_term_string"}}],"inLanguage":"es"},{"@type":"Person","@id":"http:\/\/brasfit.com.br\/#\/schema\/person\/709f20f4a29d97160b5a66d2dfe71640","name":"Flavio Sakano","image":{"@type":"ImageObject","inLanguage":"es","@id":"http:\/\/brasfit.com.br\/#\/schema\/person\/image\/","url":"https:\/\/secure.gravatar.com\/avatar\/eccd30e9c67dc0714b02060be4a4a5807b9a4980af69c9bfbc22a44f44c38904?s=96&d=mm&r=g","contentUrl":"https:\/\/secure.gravatar.com\/avatar\/eccd30e9c67dc0714b02060be4a4a5807b9a4980af69c9bfbc22a44f44c38904?s=96&d=mm&r=g","caption":"Flavio Sakano"},"sameAs":["http:\/\/www.brasfit.com.br"],"url":"https:\/\/brasfit.com.br\/es\/author\/flavio-sakano\/"}]}},"_links":{"self":[{"href":"https:\/\/brasfit.com.br\/es\/wp-json\/wp\/v2\/posts\/17371","targetHints":{"allow":["GET"]}}],"collection":[{"href":"https:\/\/brasfit.com.br\/es\/wp-json\/wp\/v2\/posts"}],"about":[{"href":"https:\/\/brasfit.com.br\/es\/wp-json\/wp\/v2\/types\/post"}],"author":[{"embeddable":true,"href":"https:\/\/brasfit.com.br\/es\/wp-json\/wp\/v2\/users\/5"}],"replies":[{"embeddable":true,"href":"https:\/\/brasfit.com.br\/es\/wp-json\/wp\/v2\/comments?post=17371"}],"version-history":[{"count":2,"href":"https:\/\/brasfit.com.br\/es\/wp-json\/wp\/v2\/posts\/17371\/revisions"}],"predecessor-version":[{"id":17373,"href":"https:\/\/brasfit.com.br\/es\/wp-json\/wp\/v2\/posts\/17371\/revisions\/17373"}],"wp:featuredmedia":[{"embeddable":true,"href":"https:\/\/brasfit.com.br\/es\/wp-json\/wp\/v2\/media\/17374"}],"wp:attachment":[{"href":"https:\/\/brasfit.com.br\/es\/wp-json\/wp\/v2\/media?parent=17371"}],"wp:term":[{"taxonomy":"category","embeddable":true,"href":"https:\/\/brasfit.com.br\/es\/wp-json\/wp\/v2\/categories?post=17371"},{"taxonomy":"post_tag","embeddable":true,"href":"https:\/\/brasfit.com.br\/es\/wp-json\/wp\/v2\/tags?post=17371"}],"curies":[{"name":"wp","href":"https:\/\/api.w.org\/{rel}","templated":true}]}}